{"id":993,"date":"2022-06-09T15:22:56","date_gmt":"2022-06-09T13:22:56","guid":{"rendered":"https:\/\/www.5g-info.ch\/?p=993"},"modified":"2026-03-18T18:03:04","modified_gmt":"2026-03-18T17:03:04","slug":"quelles-sont-les-taches-des-differentes-autorites","status":"publish","type":"post","link":"https:\/\/www.5g-info.ch\/fr\/quelles-sont-les-taches-des-differentes-autorites\/","title":{"rendered":"Quelles sont les t\u00e2ches des diff\u00e9rentes autorit\u00e9s\u00a0?"},"content":{"rendered":"<ul class=\"wp-block-list\">\n<li>Le <strong>Conseil f&#xE9;d&#xE9;ral<\/strong> a &eacute;dict&eacute; l&rsquo;ordonnance sur la protection contre le <span class=\"glossaryLink\"  aria-describedby=\"tt\"  data-cmtooltip=\"cmtt_a6fa9965076363fc6c00441326572cf9\"  data-gt-translate-attributes='[{\"attribute\":\"data-cmtooltip\", \"format\":\"html\"}]' tabindex='0' role='link'>rayonnement non ionisant<\/span> (ORNI). Il d&eacute;cide de ses modifications &eacute;ventuelles. De plus, il approuve le <a href=\"https:\/\/www.bakom.admin.ch\/fr\/plan-national-dattribution-des-frequences\" target=\"_blank\" rel=\"noreferrer noopener\">Plan national d&#x2019;attribution des fr&#xE9;quences<\/a> (PNAF) que l&#x2019;OFCOM lui soumet apr&#xE8;s des n&#xE9;gociations internationales sur les r&#xE9;partitions du spectre de fr&#xE9;quences entre les diff&#xE9;rents services de radiocommunication.<\/li>\n\n\n\n<li>La <strong>Commission f&#xE9;d&#xE9;rale de la communication<\/strong> (ComCom) octroie les concessions pour les fr&#xE9;quences que le Conseil f&#xE9;d&#xE9;ral a affect&#xE9;es &#xE0; la t&#xE9;l&#xE9;phonie mobile dans le PNAF. Elle fixe &#xE9;galement des dispositions minimales en mati&#xE8;re de couverture destin&#xE9;e &#xE0; la population.<\/li>\n\n\n\n<li>L&#x2019;<strong>Office f&#xE9;d&#xE9;ral de la communication<\/strong> (OFCOM) veille au respect des dispositions du droit des t&#xE9;l&#xE9;communications et des concessions ainsi qu&#x2019;&#xE0; la parfaite utilisation des t&#xE9;l&#xE9;communications. Il v&#xE9;rifie si les services, les appareils et les applications destin&#xE9;s &#xE0; la communication mobile utilisent les fr&#xE9;quences qui leur sont r&#xE9;serv&#xE9;es et met &#xE0; jour le PNAF. De plus, il publie une carte des emplacements des antennes de t&#xE9;l&#xE9;phonie mobile.<\/li>\n\n\n\n<li>L&#x2019;<strong>Office f&#xE9;d&#xE9;ral de l&#x2019;environnement<\/strong> (OFEV) est charg&eacute; des questions relatives au rayonnement des antennes de t&eacute;l&eacute;phonie mobile et &agrave; leurs effets sur la sant&eacute;. Il s&rsquo;assure de la bonne application des dispositions de l&rsquo;ORNI et &eacute;tablit pour ce faire des recommandations et des aides &agrave; l&rsquo;ex&eacute;cution destin&eacute;es aux cantons et aux communes. De plus, il a nomm&eacute; un groupe consultatif d&rsquo;experts en mati&egrave;re de <span class=\"glossaryLink\"  aria-describedby=\"tt\"  data-cmtooltip=\"cmtt_a6fa9965076363fc6c00441326572cf9\"  data-gt-translate-attributes='[{\"attribute\":\"data-cmtooltip\", \"format\":\"html\"}]' tabindex='0' role='link'>rayonnement non ionisant<\/span> (BERENIS) pour &eacute;valuer les &eacute;tudes concernant les effets de ce rayonnement sur la sant&eacute;. Enfin, l&rsquo;OFEV fait mesurer le rayonnement auquel la population est expos&eacute;e quotidiennement.<\/li>\n\n\n\n<li>L&#x2019;<strong>Office f&#xE9;d&#xE9;ral de la sant&#xE9; publique<\/strong> (OFSP) s&rsquo;occupe des informations concernant l&rsquo;influence du <span class=\"glossaryLink\"  aria-describedby=\"tt\"  data-cmtooltip=\"cmtt_a6fa9965076363fc6c00441326572cf9\"  data-gt-translate-attributes='[{\"attribute\":\"data-cmtooltip\", \"format\":\"html\"}]' tabindex='0' role='link'>rayonnement non ionisant<\/span> des appareils mobiles (smartphones, tablettes, appareils Bluetooth, etc.) sur la sant&eacute;. Il &eacute;labore &agrave; cet effet des fiches d&rsquo;information et donne des conseils pour r&eacute;duire ce rayonnement lorsque l&rsquo;on utilise ces appareils.<\/li>\n\n\n\n<li>L&#x2019;<strong>Institut f&#xE9;d&#xE9;ral de m&#xE9;trologie<\/strong> (METAS) est le centre de comp&eacute;tences de la Conf&eacute;d&eacute;ration pour toutes les questions relatives &agrave; la m&eacute;trologie ainsi qu&rsquo;aux instruments et aux proc&eacute;dures de mesure, en particulier aussi dans le domaine du <span class=\"glossaryLink\"  aria-describedby=\"tt\"  data-cmtooltip=\"cmtt_a6fa9965076363fc6c00441326572cf9\"  data-gt-translate-attributes='[{\"attribute\":\"data-cmtooltip\", \"format\":\"html\"}]' tabindex='0' role='link'>rayonnement non ionisant<\/span>. Il &eacute;met des recommandations pour les mesures et &eacute;tablit des rapports techniques sur le calcul du rayonnement des antennes de t&eacute;l&eacute;phonie mobile. METAS expose par ce biais les m&eacute;thodes de mesure et de calcul applicables pour &eacute;valuer la conformit&eacute; des installations avec l&rsquo;ordonnance sur la protection contre le <span class=\"glossaryLink\"  aria-describedby=\"tt\"  data-cmtooltip=\"cmtt_a6fa9965076363fc6c00441326572cf9\"  data-gt-translate-attributes='[{\"attribute\":\"data-cmtooltip\", \"format\":\"html\"}]' tabindex='0' role='link'>rayonnement non ionisant<\/span> (ORNI).<\/li>\n\n\n\n<li>Les <strong>cantons et les communes<\/strong> autorisent et contr&#xF4;lent les installations de t&#xE9;l&#xE9;phonie mobile. Ils veillent &#xE9;galement &#xE0; la mise en &#x153;uvre de l&#x2019;ORNI et au respect des valeurs limites correspondantes. Le droit de la construction &#xE9;tant diff&#xE9;rent d&#x2019;un canton et d&#x2019;une commune &#xE0; l&#x2019;autre, les proc&#xE9;dures peuvent diverger en la mati&#xE8;re.<\/li>\n<\/ul>\n\n\n\n<p><a href=\"https:\/\/www.comcom.admin.ch\/fr\" target=\"_blank\" rel=\"noreferrer noopener\">Commission f&#xE9;d&#xE9;rale de la communication (ComCom)<\/a><\/p>\n\n\n\n<p><a href=\"https:\/\/www.bakom.admin.ch\/fr\" target=\"_blank\" rel=\"noreferrer noopener\">Office f&#xE9;d&#xE9;ral de la communication (OFCOM)<\/a><\/p>\n\n\n\n<p><a href=\"https:\/\/www.bafu.admin.ch\/bafu\/fr\/home.html\" target=\"_blank\" rel=\"noreferrer noopener\">Office f&#xE9;d&#xE9;ral de l&#x2019;environnement (OFEV)<\/a><\/p>\n\n\n\n<p><a href=\"https:\/\/www.bag.admin.ch\/fr\" target=\"_blank\" rel=\"noreferrer noopener\">Office f&#xE9;d&#xE9;ral de la sant&#xE9; publique (OFSP)<\/a><\/p>\n\n\n\n<p><a href=\"https:\/\/www.metas.ch\/metas\/fr\/home.html\" target=\"_blank\" rel=\"noreferrer noopener\">Institut f&#xE9;d&#xE9;ral de m&#xE9;trologie (METAS)<\/a><\/p>\n\n\n\n<p><a href=\"https:\/\/www.bafu.admin.ch\/dam\/fr\/sd-web\/ypHQg10D2ejY\" target=\"_blank\" rel=\"noreferrer noopener\">OFEV : Services cantonaux et communaux charg&#xE9;s de la protection contre le rayonnement non ionisant (RNI)<\/a> (PDF)<\/p>\n\n\n\n<p><\/p>\n","protected":false},"excerpt":{"rendered":"<p>Commission f&#xE9;d&#xE9;rale de la communication (ComCom) Office f&#xE9;d&#xE9;ral de la communication (OFCOM) Office f&#xE9;d&#xE9;ral de l&#x2019;environnement (OFEV) Office f&#xE9;d&#xE9;ral de la sant&#xE9; publique (OFSP) Institut f&#xE9;d&#xE9;ral de m&#xE9;trologie (METAS) OFEV : Services cantonaux et communaux charg&#xE9;s de la protection contre le <span class=\"glossaryLink\" aria-describedby=\"tt\" data-cmtooltip=\"cmtt_a6fa9965076363fc6c00441326572cf9\" data-gt-translate-attributes='[{\"attribute\":\"data-cmtooltip\", \"format\":\"html\"}]' tabindex=\"0\" role=\"link\">rayonnement non ionisant<\/span> (RNI) (PDF)<\/p>\n","protected":false},"author":1,"featured_media":0,"comment_status":"closed","ping_status":"closed","sticky":false,"template":"","format":"standard","meta":{"footnotes":""},"categories":[30],"tags":[],"class_list":["post-993","post","type-post","status-publish","format-standard","hentry","category-autorites"],"yoast_head":"<!-- This site is optimized with the Yoast SEO plugin v27.2 - https:\/\/yoast.com\/product\/yoast-seo-wordpress\/ -->\n<title>Quelles sont les t\u00e2ches des diff\u00e9rentes autorit\u00e9s\u00a0? - 5G Info<\/title>\n<meta name=\"description\" content=\"Quelle autorit\u00e9 en Suisse a quelle t\u00e2che en rapport avec la t\u00e9l\u00e9phonie mobile et le rayonnement non ionisant.\" \/>\n<meta name=\"robots\" content=\"index, follow, max-snippet:-1, max-image-preview:large, max-video-preview:-1\" \/>\n<link rel=\"canonical\" href=\"https:\/\/www.5g-info.ch\/fr\/quelles-sont-les-taches-des-differentes-autorites\/\" \/>\n<meta property=\"og:locale\" content=\"fr_FR\" \/>\n<meta property=\"og:type\" content=\"article\" \/>\n<meta property=\"og:title\" content=\"Quelles sont les t\u00e2ches des diff\u00e9rentes autorit\u00e9s\u00a0? - 5G Info\" \/>\n<meta property=\"og:description\" content=\"Quelle autorit\u00e9 en Suisse a quelle t\u00e2che en rapport avec la t\u00e9l\u00e9phonie mobile et le rayonnement non ionisant.\" \/>\n<meta property=\"og:url\" content=\"https:\/\/www.5g-info.ch\/fr\/quelles-sont-les-taches-des-differentes-autorites\/\" \/>\n<meta property=\"og:site_name\" content=\"5G Info\" \/>\n<meta property=\"article:published_time\" content=\"2022-06-09T13:22:56+00:00\" \/>\n<meta property=\"article:modified_time\" content=\"2026-03-18T17:03:04+00:00\" \/>\n<meta name=\"author\" content=\"webmanager@bafu.admin.ch\" \/>\n<meta name=\"twitter:card\" content=\"summary_large_image\" \/>\n<meta name=\"twitter:label1\" content=\"\u00c9crit par\" \/>\n\t<meta name=\"twitter:data1\" content=\"webmanager@bafu.admin.ch\" \/>\n\t<meta name=\"twitter:label2\" content=\"Dur\u00e9e de lecture estim\u00e9e\" \/>\n\t<meta name=\"twitter:data2\" content=\"3 minutes\" \/>\n<script type=\"application\/ld+json\" class=\"yoast-schema-graph\">{\"@context\":\"https:\/\/schema.org\",\"@graph\":[{\"@type\":\"Article\",\"@id\":\"https:\/\/www.5g-info.ch\/fr\/quelles-sont-les-taches-des-differentes-autorites\/#article\",\"isPartOf\":{\"@id\":\"https:\/\/www.5g-info.ch\/fr\/quelles-sont-les-taches-des-differentes-autorites\/\"},\"author\":{\"name\":\"webmanager@bafu.admin.ch\",\"@id\":\"https:\/\/www.5g-info.ch\/fr\/#\/schema\/person\/b58126d8a90c08677afa04e6f2edb2d0\"},\"headline\":\"Quelles sont les t\u00e2ches des diff\u00e9rentes autorit\u00e9s\u00a0?\",\"datePublished\":\"2022-06-09T13:22:56+00:00\",\"dateModified\":\"2026-03-18T17:03:04+00:00\",\"mainEntityOfPage\":{\"@id\":\"https:\/\/www.5g-info.ch\/fr\/quelles-sont-les-taches-des-differentes-autorites\/\"},\"wordCount\":583,\"publisher\":{\"@id\":\"https:\/\/www.5g-info.ch\/fr\/#organization\"},\"articleSection\":[\"Autorit\u00e9s\"],\"inLanguage\":\"fr-FR\"},{\"@type\":\"WebPage\",\"@id\":\"https:\/\/www.5g-info.ch\/fr\/quelles-sont-les-taches-des-differentes-autorites\/\",\"url\":\"https:\/\/www.5g-info.ch\/fr\/quelles-sont-les-taches-des-differentes-autorites\/\",\"name\":\"Quelles sont les t\u00e2ches des diff\u00e9rentes autorit\u00e9s\u00a0? - 5G Info\",\"isPartOf\":{\"@id\":\"https:\/\/www.5g-info.ch\/fr\/#website\"},\"datePublished\":\"2022-06-09T13:22:56+00:00\",\"dateModified\":\"2026-03-18T17:03:04+00:00\",\"description\":\"Quelle autorit\u00e9 en Suisse a quelle t\u00e2che en rapport avec la t\u00e9l\u00e9phonie mobile et le rayonnement non ionisant.\",\"breadcrumb\":{\"@id\":\"https:\/\/www.5g-info.ch\/fr\/quelles-sont-les-taches-des-differentes-autorites\/#breadcrumb\"},\"inLanguage\":\"fr-FR\",\"potentialAction\":[{\"@type\":\"ReadAction\",\"target\":[\"https:\/\/www.5g-info.ch\/fr\/quelles-sont-les-taches-des-differentes-autorites\/\"]}]},{\"@type\":\"BreadcrumbList\",\"@id\":\"https:\/\/www.5g-info.ch\/fr\/quelles-sont-les-taches-des-differentes-autorites\/#breadcrumb\",\"itemListElement\":[{\"@type\":\"ListItem\",\"position\":1,\"name\":\"Startseite\",\"item\":\"https:\/\/www.5g-info.ch\/fr\/\"},{\"@type\":\"ListItem\",\"position\":2,\"name\":\"Quelles sont les t\u00e2ches des diff\u00e9rentes autorit\u00e9s\u00a0?\"}]},{\"@type\":\"WebSite\",\"@id\":\"https:\/\/www.5g-info.ch\/fr\/#website\",\"url\":\"https:\/\/www.5g-info.ch\/fr\/\",\"name\":\"Informations-Plattform f\u00fcr 5G und Mobilfunk\",\"description\":\"Die Informations-Plattform f\u00fcr 5G und Mobilfunk\",\"publisher\":{\"@id\":\"https:\/\/www.5g-info.ch\/fr\/#organization\"},\"potentialAction\":[{\"@type\":\"SearchAction\",\"target\":{\"@type\":\"EntryPoint\",\"urlTemplate\":\"https:\/\/www.5g-info.ch\/fr\/?s={search_term_string}\"},\"query-input\":{\"@type\":\"PropertyValueSpecification\",\"valueRequired\":true,\"valueName\":\"search_term_string\"}}],\"inLanguage\":\"fr-FR\"},{\"@type\":\"Organization\",\"@id\":\"https:\/\/www.5g-info.ch\/fr\/#organization\",\"name\":\"BAFU, BAG, BAKOM\",\"url\":\"https:\/\/www.5g-info.ch\/fr\/\",\"logo\":{\"@type\":\"ImageObject\",\"inLanguage\":\"fr-FR\",\"@id\":\"https:\/\/www.5g-info.ch\/fr\/#\/schema\/logo\/image\/\",\"url\":\"https:\/\/www.5g-info.ch\/wp-content\/uploads\/2022\/03\/Logo_Bund_rgb_neg.png\",\"contentUrl\":\"https:\/\/www.5g-info.ch\/wp-content\/uploads\/2022\/03\/Logo_Bund_rgb_neg.png\",\"width\":1500,\"height\":540,\"caption\":\"BAFU, BAG, BAKOM\"},\"image\":{\"@id\":\"https:\/\/www.5g-info.ch\/fr\/#\/schema\/logo\/image\/\"}},{\"@type\":\"Person\",\"@id\":\"https:\/\/www.5g-info.ch\/fr\/#\/schema\/person\/b58126d8a90c08677afa04e6f2edb2d0\",\"name\":\"webmanager@bafu.admin.ch\",\"image\":{\"@type\":\"ImageObject\",\"inLanguage\":\"fr-FR\",\"@id\":\"https:\/\/secure.gravatar.com\/avatar\/8ad0d27f15604ee94f997d988fa277659a243528365039eac7b2c77dad2c8fdf?s=96&d=mm&r=g\",\"url\":\"https:\/\/secure.gravatar.com\/avatar\/8ad0d27f15604ee94f997d988fa277659a243528365039eac7b2c77dad2c8fdf?s=96&d=mm&r=g\",\"contentUrl\":\"https:\/\/secure.gravatar.com\/avatar\/8ad0d27f15604ee94f997d988fa277659a243528365039eac7b2c77dad2c8fdf?s=96&d=mm&r=g\",\"caption\":\"webmanager@bafu.admin.ch\"},\"sameAs\":[\"https:\/\/www.5g-info.ch\"],\"url\":\"https:\/\/www.5g-info.ch\/fr\/author\/webmanagerbafu-admin-ch\/\"}]}<\/script>\n<!-- \/ Yoast SEO plugin. -->","yoast_head_json":{"title":"Quelles sont les t\u00e2ches des diff\u00e9rentes autorit\u00e9s\u00a0? - 5G Info","description":"Quelle autorit\u00e9 en Suisse a quelle t\u00e2che en rapport avec la t\u00e9l\u00e9phonie mobile et le rayonnement non ionisant.","robots":{"index":"index","follow":"follow","max-snippet":"max-snippet:-1","max-image-preview":"max-image-preview:large","max-video-preview":"max-video-preview:-1"},"canonical":"https:\/\/www.5g-info.ch\/fr\/quelles-sont-les-taches-des-differentes-autorites\/","og_locale":"fr_FR","og_type":"article","og_title":"Quelles sont les t\u00e2ches des diff\u00e9rentes autorit\u00e9s\u00a0? - 5G Info","og_description":"Quelle autorit\u00e9 en Suisse a quelle t\u00e2che en rapport avec la t\u00e9l\u00e9phonie mobile et le rayonnement non ionisant.","og_url":"https:\/\/www.5g-info.ch\/fr\/quelles-sont-les-taches-des-differentes-autorites\/","og_site_name":"5G Info","article_published_time":"2022-06-09T13:22:56+00:00","article_modified_time":"2026-03-18T17:03:04+00:00","author":"webmanager@bafu.admin.ch","twitter_card":"summary_large_image","twitter_misc":{"\u00c9crit par":"webmanager@bafu.admin.ch","Dur\u00e9e de lecture estim\u00e9e":"3 minutes"},"schema":{"@context":"https:\/\/schema.org","@graph":[{"@type":"Article","@id":"https:\/\/www.5g-info.ch\/fr\/quelles-sont-les-taches-des-differentes-autorites\/#article","isPartOf":{"@id":"https:\/\/www.5g-info.ch\/fr\/quelles-sont-les-taches-des-differentes-autorites\/"},"author":{"name":"webmanager@bafu.admin.ch","@id":"https:\/\/www.5g-info.ch\/fr\/#\/schema\/person\/b58126d8a90c08677afa04e6f2edb2d0"},"headline":"Quelles sont les t\u00e2ches des diff\u00e9rentes autorit\u00e9s\u00a0?","datePublished":"2022-06-09T13:22:56+00:00","dateModified":"2026-03-18T17:03:04+00:00","mainEntityOfPage":{"@id":"https:\/\/www.5g-info.ch\/fr\/quelles-sont-les-taches-des-differentes-autorites\/"},"wordCount":583,"publisher":{"@id":"https:\/\/www.5g-info.ch\/fr\/#organization"},"articleSection":["Autorit\u00e9s"],"inLanguage":"fr-FR"},{"@type":"WebPage","@id":"https:\/\/www.5g-info.ch\/fr\/quelles-sont-les-taches-des-differentes-autorites\/","url":"https:\/\/www.5g-info.ch\/fr\/quelles-sont-les-taches-des-differentes-autorites\/","name":"Quelles sont les t\u00e2ches des diff\u00e9rentes autorit\u00e9s\u00a0? - 5G Info","isPartOf":{"@id":"https:\/\/www.5g-info.ch\/fr\/#website"},"datePublished":"2022-06-09T13:22:56+00:00","dateModified":"2026-03-18T17:03:04+00:00","description":"Quelle autorit\u00e9 en Suisse a quelle t\u00e2che en rapport avec la t\u00e9l\u00e9phonie mobile et le rayonnement non ionisant.","breadcrumb":{"@id":"https:\/\/www.5g-info.ch\/fr\/quelles-sont-les-taches-des-differentes-autorites\/#breadcrumb"},"inLanguage":"fr-FR","potentialAction":[{"@type":"ReadAction","target":["https:\/\/www.5g-info.ch\/fr\/quelles-sont-les-taches-des-differentes-autorites\/"]}]},{"@type":"BreadcrumbList","@id":"https:\/\/www.5g-info.ch\/fr\/quelles-sont-les-taches-des-differentes-autorites\/#breadcrumb","itemListElement":[{"@type":"ListItem","position":1,"name":"Startseite","item":"https:\/\/www.5g-info.ch\/fr\/"},{"@type":"ListItem","position":2,"name":"Quelles sont les t\u00e2ches des diff\u00e9rentes autorit\u00e9s\u00a0?"}]},{"@type":"WebSite","@id":"https:\/\/www.5g-info.ch\/fr\/#website","url":"https:\/\/www.5g-info.ch\/fr\/","name":"Informations-Plattform f\u00fcr 5G und Mobilfunk","description":"Die Informations-Plattform f\u00fcr 5G und Mobilfunk","publisher":{"@id":"https:\/\/www.5g-info.ch\/fr\/#organization"},"potentialAction":[{"@type":"SearchAction","target":{"@type":"EntryPoint","urlTemplate":"https:\/\/www.5g-info.ch\/fr\/?s={search_term_string}"},"query-input":{"@type":"PropertyValueSpecification","valueRequired":true,"valueName":"search_term_string"}}],"inLanguage":"fr-FR"},{"@type":"Organization","@id":"https:\/\/www.5g-info.ch\/fr\/#organization","name":"BAFU, BAG, BAKOM","url":"https:\/\/www.5g-info.ch\/fr\/","logo":{"@type":"ImageObject","inLanguage":"fr-FR","@id":"https:\/\/www.5g-info.ch\/fr\/#\/schema\/logo\/image\/","url":"https:\/\/www.5g-info.ch\/wp-content\/uploads\/2022\/03\/Logo_Bund_rgb_neg.png","contentUrl":"https:\/\/www.5g-info.ch\/wp-content\/uploads\/2022\/03\/Logo_Bund_rgb_neg.png","width":1500,"height":540,"caption":"BAFU, BAG, BAKOM"},"image":{"@id":"https:\/\/www.5g-info.ch\/fr\/#\/schema\/logo\/image\/"}},{"@type":"Person","@id":"https:\/\/www.5g-info.ch\/fr\/#\/schema\/person\/b58126d8a90c08677afa04e6f2edb2d0","name":"webmanager@bafu.admin.ch","image":{"@type":"ImageObject","inLanguage":"fr-FR","@id":"https:\/\/secure.gravatar.com\/avatar\/8ad0d27f15604ee94f997d988fa277659a243528365039eac7b2c77dad2c8fdf?s=96&d=mm&r=g","url":"https:\/\/secure.gravatar.com\/avatar\/8ad0d27f15604ee94f997d988fa277659a243528365039eac7b2c77dad2c8fdf?s=96&d=mm&r=g","contentUrl":"https:\/\/secure.gravatar.com\/avatar\/8ad0d27f15604ee94f997d988fa277659a243528365039eac7b2c77dad2c8fdf?s=96&d=mm&r=g","caption":"webmanager@bafu.admin.ch"},"sameAs":["https:\/\/www.5g-info.ch"],"url":"https:\/\/www.5g-info.ch\/fr\/author\/webmanagerbafu-admin-ch\/"}]}},"_links":{"self":[{"href":"https:\/\/www.5g-info.ch\/fr\/wp-json\/wp\/v2\/posts\/993","targetHints":{"allow":["GET"]}}],"collection":[{"href":"https:\/\/www.5g-info.ch\/fr\/wp-json\/wp\/v2\/posts"}],"about":[{"href":"https:\/\/www.5g-info.ch\/fr\/wp-json\/wp\/v2\/types\/post"}],"author":[{"embeddable":true,"href":"https:\/\/www.5g-info.ch\/fr\/wp-json\/wp\/v2\/users\/1"}],"replies":[{"embeddable":true,"href":"https:\/\/www.5g-info.ch\/fr\/wp-json\/wp\/v2\/comments?post=993"}],"version-history":[{"count":0,"href":"https:\/\/www.5g-info.ch\/fr\/wp-json\/wp\/v2\/posts\/993\/revisions"}],"wp:attachment":[{"href":"https:\/\/www.5g-info.ch\/fr\/wp-json\/wp\/v2\/media?parent=993"}],"wp:term":[{"taxonomy":"category","embeddable":true,"href":"https:\/\/www.5g-info.ch\/fr\/wp-json\/wp\/v2\/categories?post=993"},{"taxonomy":"post_tag","embeddable":true,"href":"https:\/\/www.5g-info.ch\/fr\/wp-json\/wp\/v2\/tags?post=993"}],"curies":[{"name":"wp","href":"https:\/\/api.w.org\/{rel}","templated":true}]}}