{"id":982,"date":"2022-06-09T14:55:33","date_gmt":"2022-06-09T12:55:33","guid":{"rendered":"https:\/\/www.5g-info.ch\/?p=982"},"modified":"2022-06-13T10:35:23","modified_gmt":"2022-06-13T08:35:23","slug":"comment-les-autorites-verifient-elles-le-rayonnement-des-antennes","status":"publish","type":"post","link":"https:\/\/www.5g-info.ch\/fr\/comment-les-autorites-verifient-elles-le-rayonnement-des-antennes\/","title":{"rendered":"Comment les autorit\u00e9s v\u00e9rifient-elles le rayonnement des antennes\u00a0?"},"content":{"rendered":"<p>Les cantons et les communes v&#xE9;rifient si les antennes de t&#xE9;l&#xE9;phonie mobile respectent les valeurs limites en vigueur. Lorsqu&#x2019;une antenne est &#xE9;rig&#xE9;e ou d&#xE9;velopp&#xE9;e, son rayonnement &#xE0; proximit&#xE9; est calcul&#xE9; pour s&#x2019;assurer du respect des valeurs limites. Si les calculs indiquent que plus de 80&#xA0;% de la valeur limite de l&#x2019;installation fix&#xE9;e &#xE0; titre de pr&#xE9;caution (<a href=\"#\" class=\"ue-link-goto-item\" data-name=\"gesundheit\" data-num=\"1\">&#x2192; Comment la population est-elle prot&#xE9;g&#xE9;e du rayonnement des antennes de t&#xE9;l&#xE9;phonie mobile ?<\/a>) sont atteints, les autorit&#xE9;s exigent g&#xE9;n&#xE9;ralement une mesure du rayonnement apr&#xE8;s la mise en service de l&#x2019;installation. Si cette mesure r&#xE9;v&#xE8;le que l&#x2019;installation ne r&#xE9;pond pas encore aux valeurs limites, les param&#xE8;tres d&#x2019;&#xE9;mission doivent &#xEA;tre modifi&#xE9;s pour l&#x2019;exploitation ordinaire. Dans la plupart des cas, la puissance d&#x2019;&#xE9;mission est alors r&#xE9;duite.<\/p>\n","protected":false},"excerpt":{"rendered":"<p>Les cantons et les communes v&#xE9;rifient si les antennes de t&#xE9;l&#xE9;phonie mobile respectent les valeurs limites en vigueur. Lorsqu&#x2019;une antenne est &#xE9;rig&#xE9;e ou d&#xE9;velopp&#xE9;e, son rayonnement &#xE0; proximit&#xE9; est calcul&#xE9; pour s&#x2019;assurer du respect des valeurs limites. Si les calculs indiquent que plus de 80&#xA0;% de la valeur limite de l&#x2019;installation fix&#xE9;e &#xE0; titre de [&#x2026;]<\/p>\n","protected":false},"author":1,"featured_media":0,"comment_status":"closed","ping_status":"closed","sticky":false,"template":"","format":"standard","meta":{"footnotes":""},"categories":[30],"tags":[],"class_list":["post-982","post","type-post","status-publish","format-standard","hentry","category-autorites"],"yoast_head":"<!-- This site is optimized with the Yoast SEO plugin v27.2 - https:\/\/yoast.com\/product\/yoast-seo-wordpress\/ -->\n<title>Comment les autorit\u00e9s v\u00e9rifient-elles le rayonnement des antennes\u00a0? - 5G Info<\/title>\n<meta name=\"robots\" content=\"index, follow, max-snippet:-1, max-image-preview:large, max-video-preview:-1\" \/>\n<link rel=\"canonical\" href=\"https:\/\/www.5g-info.ch\/fr\/comment-les-autorites-verifient-elles-le-rayonnement-des-antennes\/\" \/>\n<meta property=\"og:locale\" content=\"fr_FR\" \/>\n<meta property=\"og:type\" content=\"article\" \/>\n<meta property=\"og:title\" content=\"Comment les autorit\u00e9s v\u00e9rifient-elles le rayonnement des antennes\u00a0? - 5G Info\" \/>\n<meta property=\"og:description\" content=\"Les cantons et les communes v&#xE9;rifient si les antennes de t&#xE9;l&#xE9;phonie mobile respectent les valeurs limites en vigueur. Lorsqu&#x2019;une antenne est &#xE9;rig&#xE9;e ou d&#xE9;velopp&#xE9;e, son rayonnement &#xE0; proximit&#xE9; est calcul&#xE9; pour s&#x2019;assurer du respect des valeurs limites. Si les calculs indiquent que plus de 80&#xA0;% de la valeur limite de l&#x2019;installation fix&#xE9;e &#xE0; titre de [&#x2026;]\" \/>\n<meta property=\"og:url\" content=\"https:\/\/www.5g-info.ch\/fr\/comment-les-autorites-verifient-elles-le-rayonnement-des-antennes\/\" \/>\n<meta property=\"og:site_name\" content=\"5G Info\" \/>\n<meta property=\"article:published_time\" content=\"2022-06-09T12:55:33+00:00\" \/>\n<meta property=\"article:modified_time\" content=\"2022-06-13T08:35:23+00:00\" \/>\n<meta name=\"author\" content=\"webmanager@bafu.admin.ch\" \/>\n<meta name=\"twitter:card\" content=\"summary_large_image\" \/>\n<meta name=\"twitter:label1\" content=\"\u00c9crit par\" \/>\n\t<meta name=\"twitter:data1\" content=\"webmanager@bafu.admin.ch\" \/>\n\t<meta name=\"twitter:label2\" content=\"Dur\u00e9e de lecture estim\u00e9e\" \/>\n\t<meta name=\"twitter:data2\" content=\"1 minute\" \/>\n<script type=\"application\/ld+json\" class=\"yoast-schema-graph\">{\"@context\":\"https:\/\/schema.org\",\"@graph\":[{\"@type\":\"Article\",\"@id\":\"https:\/\/www.5g-info.ch\/fr\/comment-les-autorites-verifient-elles-le-rayonnement-des-antennes\/#article\",\"isPartOf\":{\"@id\":\"https:\/\/www.5g-info.ch\/fr\/comment-les-autorites-verifient-elles-le-rayonnement-des-antennes\/\"},\"author\":{\"name\":\"webmanager@bafu.admin.ch\",\"@id\":\"https:\/\/www.5g-info.ch\/fr\/#\/schema\/person\/b58126d8a90c08677afa04e6f2edb2d0\"},\"headline\":\"Comment les autorit\u00e9s v\u00e9rifient-elles le rayonnement des antennes\u00a0?\",\"datePublished\":\"2022-06-09T12:55:33+00:00\",\"dateModified\":\"2022-06-13T08:35:23+00:00\",\"mainEntityOfPage\":{\"@id\":\"https:\/\/www.5g-info.ch\/fr\/comment-les-autorites-verifient-elles-le-rayonnement-des-antennes\/\"},\"wordCount\":156,\"publisher\":{\"@id\":\"https:\/\/www.5g-info.ch\/fr\/#organization\"},\"articleSection\":[\"Autorit\u00e9s\"],\"inLanguage\":\"fr-FR\"},{\"@type\":\"WebPage\",\"@id\":\"https:\/\/www.5g-info.ch\/fr\/comment-les-autorites-verifient-elles-le-rayonnement-des-antennes\/\",\"url\":\"https:\/\/www.5g-info.ch\/fr\/comment-les-autorites-verifient-elles-le-rayonnement-des-antennes\/\",\"name\":\"Comment les autorit\u00e9s v\u00e9rifient-elles le rayonnement des antennes\u00a0? - 5G Info\",\"isPartOf\":{\"@id\":\"https:\/\/www.5g-info.ch\/fr\/#website\"},\"datePublished\":\"2022-06-09T12:55:33+00:00\",\"dateModified\":\"2022-06-13T08:35:23+00:00\",\"breadcrumb\":{\"@id\":\"https:\/\/www.5g-info.ch\/fr\/comment-les-autorites-verifient-elles-le-rayonnement-des-antennes\/#breadcrumb\"},\"inLanguage\":\"fr-FR\",\"potentialAction\":[{\"@type\":\"ReadAction\",\"target\":[\"https:\/\/www.5g-info.ch\/fr\/comment-les-autorites-verifient-elles-le-rayonnement-des-antennes\/\"]}]},{\"@type\":\"BreadcrumbList\",\"@id\":\"https:\/\/www.5g-info.ch\/fr\/comment-les-autorites-verifient-elles-le-rayonnement-des-antennes\/#breadcrumb\",\"itemListElement\":[{\"@type\":\"ListItem\",\"position\":1,\"name\":\"Startseite\",\"item\":\"https:\/\/www.5g-info.ch\/fr\/\"},{\"@type\":\"ListItem\",\"position\":2,\"name\":\"Comment les autorit\u00e9s v\u00e9rifient-elles le rayonnement des antennes\u00a0?\"}]},{\"@type\":\"WebSite\",\"@id\":\"https:\/\/www.5g-info.ch\/fr\/#website\",\"url\":\"https:\/\/www.5g-info.ch\/fr\/\",\"name\":\"Informations-Plattform f\u00fcr 5G und Mobilfunk\",\"description\":\"Die Informations-Plattform f\u00fcr 5G und Mobilfunk\",\"publisher\":{\"@id\":\"https:\/\/www.5g-info.ch\/fr\/#organization\"},\"potentialAction\":[{\"@type\":\"SearchAction\",\"target\":{\"@type\":\"EntryPoint\",\"urlTemplate\":\"https:\/\/www.5g-info.ch\/fr\/?s={search_term_string}\"},\"query-input\":{\"@type\":\"PropertyValueSpecification\",\"valueRequired\":true,\"valueName\":\"search_term_string\"}}],\"inLanguage\":\"fr-FR\"},{\"@type\":\"Organization\",\"@id\":\"https:\/\/www.5g-info.ch\/fr\/#organization\",\"name\":\"BAFU, BAG, BAKOM\",\"url\":\"https:\/\/www.5g-info.ch\/fr\/\",\"logo\":{\"@type\":\"ImageObject\",\"inLanguage\":\"fr-FR\",\"@id\":\"https:\/\/www.5g-info.ch\/fr\/#\/schema\/logo\/image\/\",\"url\":\"https:\/\/www.5g-info.ch\/wp-content\/uploads\/2022\/03\/Logo_Bund_rgb_neg.png\",\"contentUrl\":\"https:\/\/www.5g-info.ch\/wp-content\/uploads\/2022\/03\/Logo_Bund_rgb_neg.png\",\"width\":1500,\"height\":540,\"caption\":\"BAFU, BAG, BAKOM\"},\"image\":{\"@id\":\"https:\/\/www.5g-info.ch\/fr\/#\/schema\/logo\/image\/\"}},{\"@type\":\"Person\",\"@id\":\"https:\/\/www.5g-info.ch\/fr\/#\/schema\/person\/b58126d8a90c08677afa04e6f2edb2d0\",\"name\":\"webmanager@bafu.admin.ch\",\"image\":{\"@type\":\"ImageObject\",\"inLanguage\":\"fr-FR\",\"@id\":\"https:\/\/secure.gravatar.com\/avatar\/8ad0d27f15604ee94f997d988fa277659a243528365039eac7b2c77dad2c8fdf?s=96&d=mm&r=g\",\"url\":\"https:\/\/secure.gravatar.com\/avatar\/8ad0d27f15604ee94f997d988fa277659a243528365039eac7b2c77dad2c8fdf?s=96&d=mm&r=g\",\"contentUrl\":\"https:\/\/secure.gravatar.com\/avatar\/8ad0d27f15604ee94f997d988fa277659a243528365039eac7b2c77dad2c8fdf?s=96&d=mm&r=g\",\"caption\":\"webmanager@bafu.admin.ch\"},\"sameAs\":[\"https:\/\/www.5g-info.ch\"],\"url\":\"https:\/\/www.5g-info.ch\/fr\/author\/webmanagerbafu-admin-ch\/\"}]}<\/script>\n<!-- \/ Yoast SEO plugin. -->","yoast_head_json":{"title":"Comment les autorit\u00e9s v\u00e9rifient-elles le rayonnement des antennes\u00a0? - 5G Info","robots":{"index":"index","follow":"follow","max-snippet":"max-snippet:-1","max-image-preview":"max-image-preview:large","max-video-preview":"max-video-preview:-1"},"canonical":"https:\/\/www.5g-info.ch\/fr\/comment-les-autorites-verifient-elles-le-rayonnement-des-antennes\/","og_locale":"fr_FR","og_type":"article","og_title":"Comment les autorit\u00e9s v\u00e9rifient-elles le rayonnement des antennes\u00a0? - 5G Info","og_description":"Les cantons et les communes v&#xE9;rifient si les antennes de t&#xE9;l&#xE9;phonie mobile respectent les valeurs limites en vigueur. Lorsqu&#x2019;une antenne est &#xE9;rig&#xE9;e ou d&#xE9;velopp&#xE9;e, son rayonnement &#xE0; proximit&#xE9; est calcul&#xE9; pour s&#x2019;assurer du respect des valeurs limites. Si les calculs indiquent que plus de 80&#xA0;% de la valeur limite de l&#x2019;installation fix&#xE9;e &#xE0; titre de [&#x2026;]","og_url":"https:\/\/www.5g-info.ch\/fr\/comment-les-autorites-verifient-elles-le-rayonnement-des-antennes\/","og_site_name":"5G Info","article_published_time":"2022-06-09T12:55:33+00:00","article_modified_time":"2022-06-13T08:35:23+00:00","author":"webmanager@bafu.admin.ch","twitter_card":"summary_large_image","twitter_misc":{"\u00c9crit par":"webmanager@bafu.admin.ch","Dur\u00e9e de lecture estim\u00e9e":"1 minute"},"schema":{"@context":"https:\/\/schema.org","@graph":[{"@type":"Article","@id":"https:\/\/www.5g-info.ch\/fr\/comment-les-autorites-verifient-elles-le-rayonnement-des-antennes\/#article","isPartOf":{"@id":"https:\/\/www.5g-info.ch\/fr\/comment-les-autorites-verifient-elles-le-rayonnement-des-antennes\/"},"author":{"name":"webmanager@bafu.admin.ch","@id":"https:\/\/www.5g-info.ch\/fr\/#\/schema\/person\/b58126d8a90c08677afa04e6f2edb2d0"},"headline":"Comment les autorit\u00e9s v\u00e9rifient-elles le rayonnement des antennes\u00a0?","datePublished":"2022-06-09T12:55:33+00:00","dateModified":"2022-06-13T08:35:23+00:00","mainEntityOfPage":{"@id":"https:\/\/www.5g-info.ch\/fr\/comment-les-autorites-verifient-elles-le-rayonnement-des-antennes\/"},"wordCount":156,"publisher":{"@id":"https:\/\/www.5g-info.ch\/fr\/#organization"},"articleSection":["Autorit\u00e9s"],"inLanguage":"fr-FR"},{"@type":"WebPage","@id":"https:\/\/www.5g-info.ch\/fr\/comment-les-autorites-verifient-elles-le-rayonnement-des-antennes\/","url":"https:\/\/www.5g-info.ch\/fr\/comment-les-autorites-verifient-elles-le-rayonnement-des-antennes\/","name":"Comment les autorit\u00e9s v\u00e9rifient-elles le rayonnement des antennes\u00a0? - 5G Info","isPartOf":{"@id":"https:\/\/www.5g-info.ch\/fr\/#website"},"datePublished":"2022-06-09T12:55:33+00:00","dateModified":"2022-06-13T08:35:23+00:00","breadcrumb":{"@id":"https:\/\/www.5g-info.ch\/fr\/comment-les-autorites-verifient-elles-le-rayonnement-des-antennes\/#breadcrumb"},"inLanguage":"fr-FR","potentialAction":[{"@type":"ReadAction","target":["https:\/\/www.5g-info.ch\/fr\/comment-les-autorites-verifient-elles-le-rayonnement-des-antennes\/"]}]},{"@type":"BreadcrumbList","@id":"https:\/\/www.5g-info.ch\/fr\/comment-les-autorites-verifient-elles-le-rayonnement-des-antennes\/#breadcrumb","itemListElement":[{"@type":"ListItem","position":1,"name":"Startseite","item":"https:\/\/www.5g-info.ch\/fr\/"},{"@type":"ListItem","position":2,"name":"Comment les autorit\u00e9s v\u00e9rifient-elles le rayonnement des antennes\u00a0?"}]},{"@type":"WebSite","@id":"https:\/\/www.5g-info.ch\/fr\/#website","url":"https:\/\/www.5g-info.ch\/fr\/","name":"Informations-Plattform f\u00fcr 5G und Mobilfunk","description":"Die Informations-Plattform f\u00fcr 5G und Mobilfunk","publisher":{"@id":"https:\/\/www.5g-info.ch\/fr\/#organization"},"potentialAction":[{"@type":"SearchAction","target":{"@type":"EntryPoint","urlTemplate":"https:\/\/www.5g-info.ch\/fr\/?s={search_term_string}"},"query-input":{"@type":"PropertyValueSpecification","valueRequired":true,"valueName":"search_term_string"}}],"inLanguage":"fr-FR"},{"@type":"Organization","@id":"https:\/\/www.5g-info.ch\/fr\/#organization","name":"BAFU, BAG, BAKOM","url":"https:\/\/www.5g-info.ch\/fr\/","logo":{"@type":"ImageObject","inLanguage":"fr-FR","@id":"https:\/\/www.5g-info.ch\/fr\/#\/schema\/logo\/image\/","url":"https:\/\/www.5g-info.ch\/wp-content\/uploads\/2022\/03\/Logo_Bund_rgb_neg.png","contentUrl":"https:\/\/www.5g-info.ch\/wp-content\/uploads\/2022\/03\/Logo_Bund_rgb_neg.png","width":1500,"height":540,"caption":"BAFU, BAG, BAKOM"},"image":{"@id":"https:\/\/www.5g-info.ch\/fr\/#\/schema\/logo\/image\/"}},{"@type":"Person","@id":"https:\/\/www.5g-info.ch\/fr\/#\/schema\/person\/b58126d8a90c08677afa04e6f2edb2d0","name":"webmanager@bafu.admin.ch","image":{"@type":"ImageObject","inLanguage":"fr-FR","@id":"https:\/\/secure.gravatar.com\/avatar\/8ad0d27f15604ee94f997d988fa277659a243528365039eac7b2c77dad2c8fdf?s=96&d=mm&r=g","url":"https:\/\/secure.gravatar.com\/avatar\/8ad0d27f15604ee94f997d988fa277659a243528365039eac7b2c77dad2c8fdf?s=96&d=mm&r=g","contentUrl":"https:\/\/secure.gravatar.com\/avatar\/8ad0d27f15604ee94f997d988fa277659a243528365039eac7b2c77dad2c8fdf?s=96&d=mm&r=g","caption":"webmanager@bafu.admin.ch"},"sameAs":["https:\/\/www.5g-info.ch"],"url":"https:\/\/www.5g-info.ch\/fr\/author\/webmanagerbafu-admin-ch\/"}]}},"_links":{"self":[{"href":"https:\/\/www.5g-info.ch\/fr\/wp-json\/wp\/v2\/posts\/982","targetHints":{"allow":["GET"]}}],"collection":[{"href":"https:\/\/www.5g-info.ch\/fr\/wp-json\/wp\/v2\/posts"}],"about":[{"href":"https:\/\/www.5g-info.ch\/fr\/wp-json\/wp\/v2\/types\/post"}],"author":[{"embeddable":true,"href":"https:\/\/www.5g-info.ch\/fr\/wp-json\/wp\/v2\/users\/1"}],"replies":[{"embeddable":true,"href":"https:\/\/www.5g-info.ch\/fr\/wp-json\/wp\/v2\/comments?post=982"}],"version-history":[{"count":0,"href":"https:\/\/www.5g-info.ch\/fr\/wp-json\/wp\/v2\/posts\/982\/revisions"}],"wp:attachment":[{"href":"https:\/\/www.5g-info.ch\/fr\/wp-json\/wp\/v2\/media?parent=982"}],"wp:term":[{"taxonomy":"category","embeddable":true,"href":"https:\/\/www.5g-info.ch\/fr\/wp-json\/wp\/v2\/categories?post=982"},{"taxonomy":"post_tag","embeddable":true,"href":"https:\/\/www.5g-info.ch\/fr\/wp-json\/wp\/v2\/tags?post=982"}],"curies":[{"name":"wp","href":"https:\/\/api.w.org\/{rel}","templated":true}]}}